[{"@context":"https:\/\/schema.org\/","@type":"Article","@id":"https:\/\/www.alfagrif.cz\/aby-se-o-vas-vedelo\/#Article","mainEntityOfPage":"https:\/\/www.alfagrif.cz\/aby-se-o-vas-vedelo\/","headline":"Aby se o V\u00e1s v\u011bd\u011blo","name":"Aby se o V\u00e1s v\u011bd\u011blo","description":"V dne\u0161n\u00ed dob\u011b by se dalo t\u00e9m\u011b\u0159 s jistotou \u0159\u00edci, \u017ee o kter\u00e9 firm\u011b se nev\u00ed, m\u00e1 jen malou pravd\u011bpodobnost \u00fasp\u011b\u0161n\u00e9 \u010dinnosti. Stejn\u011b tak to plat\u00ed i o kontaktech na danou firmu \u010di obchod. Je-li jej\u00ed jm\u00e9no pln\u00e9 diakritiky a ciz\u00edch slov, st\u011b\u017e\u00ed si jej z\u00e1kazn\u00edci zapamatuj\u00ed. A co teprve kontakty? Nejlep\u0161\u00ed mo\u017enost\u00ed, kterou pro [&hellip;]","datePublished":"2025-04-13","dateModified":"2025-04-13","author":{"@type":"Person","@id":"https:\/\/www.alfagrif.cz\/author\/#Person","name":"","url":"https:\/\/www.alfagrif.cz\/author\/","identifier":1,"image":{"@type":"ImageObject","@id":"https:\/\/secure.gravatar.com\/avatar\/15c4177f6d86975c976af12ba80b10af7add2f97f8786f8cf1596253472c0ea7?s=96&d=mm&r=g","url":"https:\/\/secure.gravatar.com\/avatar\/15c4177f6d86975c976af12ba80b10af7add2f97f8786f8cf1596253472c0ea7?s=96&d=mm&r=g","height":96,"width":96}},"publisher":{"@type":"Organization","name":"alfagrif.cz","logo":{"@type":"ImageObject","@id":"\/logo.png","url":"\/logo.png","width":600,"height":60}},"url":"https:\/\/www.alfagrif.cz\/aby-se-o-vas-vedelo\/","wordCount":160,"articleBody":"V dne\u0161n\u00ed dob\u011b by se dalo t\u00e9m\u011b\u0159 s jistotou \u0159\u00edci, \u017ee o kter\u00e9 firm\u011b se nev\u00ed, m\u00e1 jen malou pravd\u011bpodobnost \u00fasp\u011b\u0161n\u00e9 \u010dinnosti. Stejn\u011b tak to plat\u00ed i o kontaktech na danou firmu \u010di obchod. Je-li jej\u00ed jm\u00e9no pln\u00e9 diakritiky a ciz\u00edch slov, st\u011b\u017e\u00ed si jej z\u00e1kazn\u00edci zapamatuj\u00ed. A co teprve kontakty? Nejlep\u0161\u00ed mo\u017enost\u00ed, kterou pro propagaci sv\u00e9 firmy m\u016f\u017eete ud\u011blat, je v\u00fdb\u011br zlat\u00e9ho \u010d\u00edsla. Vryje se do pam\u011bti Jedn\u00e1 se o telefonn\u00ed \u010d\u00edslo, kter\u00e9 si m\u016f\u017eete vybrat z na\u0161\u00ed nab\u00eddky \u010di dokonce jej sami navrhnout, v\u010detn\u011b p\u0159edvolby. M\u016f\u017eete si tak snadno zvolit takovou kombinaci, o n\u00ed\u017e budete p\u0159esv\u011bd\u010deni, \u017ee si ji z\u00e1kazn\u00edci snadno zapamatuj\u00ed. M\u016f\u017eete zvolit vzestupnou \u010di sestupnou \u0159adu \u010di rozli\u010dn\u00e9 kombinace dvojic \u010di jin\u00e1 podobn\u00e1 uspo\u0159\u00e1d\u00e1n\u00ed. Va\u0161i z\u00e1kazn\u00edci tak k V\u00e1m v\u017edy naleznou cestu.                                                                                                                                                                                                                                                                                                                                                                                                "},{"@context":"https:\/\/schema.org\/","@type":"BreadcrumbList","itemListElement":[{"@type":"ListItem","position":1,"name":"Aby se o V\u00e1s v\u011bd\u011blo","item":"https:\/\/www.alfagrif.cz\/aby-se-o-vas-vedelo\/#breadcrumbitem"}]}]