[{"@context":"https:\/\/schema.org\/","@type":"Article","@id":"https:\/\/www.alfagrif.cz\/jarni-dovolena-na-ceskobudejovicku\/#Article","mainEntityOfPage":"https:\/\/www.alfagrif.cz\/jarni-dovolena-na-ceskobudejovicku\/","headline":"Jarn\u00ed dovolen\u00e1 na \u010ceskobud\u011bjovicku","name":"Jarn\u00ed dovolen\u00e1 na \u010ceskobud\u011bjovicku","description":"Tak\u00e9 u\u017e se v pr\u016fb\u011bhu lednov\u00fdch dn\u00ed t\u011b\u0161\u00edte na p\u0159\u00edchod jara? Kdy\u017e je zima dlouh\u00e1 a venku nen\u00ed zrovna moc sn\u011bhu, stromy jsou zbaven\u00e9 list\u00ed a je tak\u00e9 m\u00e1lo slune\u010dn\u00edho svitu, mnoh\u00e9 z n\u00e1s postihuj\u00ed depresivn\u00ed stavy. V takov\u00e9m okam\u017eiku si st\u011b\u017e\u00ed dok\u00e1\u017eeme p\u0159edstavit, \u017ee bychom se rozb\u011bhli ven jen v kr\u00e1tk\u00fdch kalhot\u00e1ch, a \u017ee [&hellip;]","datePublished":"2022-11-13","dateModified":"2022-11-13","author":{"@type":"Person","@id":"https:\/\/www.alfagrif.cz\/author\/#Person","name":"","url":"https:\/\/www.alfagrif.cz\/author\/","identifier":1,"image":{"@type":"ImageObject","@id":"https:\/\/secure.gravatar.com\/avatar\/15c4177f6d86975c976af12ba80b10af7add2f97f8786f8cf1596253472c0ea7?s=96&d=mm&r=g","url":"https:\/\/secure.gravatar.com\/avatar\/15c4177f6d86975c976af12ba80b10af7add2f97f8786f8cf1596253472c0ea7?s=96&d=mm&r=g","height":96,"width":96}},"publisher":{"@type":"Organization","name":"alfagrif.cz","logo":{"@type":"ImageObject","@id":"\/logo.png","url":"\/logo.png","width":600,"height":60}},"image":{"@type":"ImageObject","@id":"https:\/\/www.alfagrif.cz\/wp-content\/uploads\/czech-g117de3a9d_640.jpg","url":"https:\/\/www.alfagrif.cz\/wp-content\/uploads\/czech-g117de3a9d_640.jpg","height":0,"width":0},"url":"https:\/\/www.alfagrif.cz\/jarni-dovolena-na-ceskobudejovicku\/","about":["Internet"],"wordCount":409,"articleBody":"      Tak\u00e9 u\u017e se v pr\u016fb\u011bhu lednov\u00fdch dn\u00ed t\u011b\u0161\u00edte na p\u0159\u00edchod jara? Kdy\u017e je zima dlouh\u00e1 a venku nen\u00ed zrovna moc sn\u011bhu, stromy jsou zbaven\u00e9 list\u00ed a je tak\u00e9 m\u00e1lo slune\u010dn\u00edho svitu, mnoh\u00e9 z n\u00e1s postihuj\u00ed depresivn\u00ed stavy. V takov\u00e9m okam\u017eiku si st\u011b\u017e\u00ed dok\u00e1\u017eeme p\u0159edstavit, \u017ee bychom se rozb\u011bhli ven jen v kr\u00e1tk\u00fdch kalhot\u00e1ch, a \u017ee n\u00e1s p\u0159ekvap\u00ed pohled na kvetouc\u00ed a sv\u011b\u017ee zelen\u00e9 okoln\u00ed porosty.Leden v\u0161ak brzy pomine, \u00fanor je kr\u00e1tk\u00fd m\u011bs\u00edc a v b\u0159eznu se ji\u017e za\u010d\u00ednaj\u00ed objevovat na zahrad\u00e1ch prvn\u00ed jarn\u00ed symboly, jako jsou bledule a sn\u011b\u017eenky, a v takov\u00fdch okam\u017eic\u00edch se ji\u017e m\u016f\u017eeme t\u011b\u0161it na teplej\u0161\u00ed slune\u010dn\u00e9 po\u010das\u00ed.Dovolen\u00e1 na ja\u0159eV\u011bt\u0161ina z v\u00e1s si vyb\u00edr\u00e1 dovolenou v l\u00e9t\u011b, co\u017e je pochopiteln\u011b logick\u00e9, ale ani jarn\u00ed obdob\u00ed nen\u00ed pro dny volna \u0161patnou volbou. M\u016f\u017eete si je dop\u0159\u00e1t nap\u0159\u00edklad v podob\u011b prodlou\u017een\u00e9ho v\u00edkendu na \u010ceskobud\u011bjovicku. Zjara tu na v\u00e1s \u010dek\u00e1 cel\u00e1 \u0159ada p\u0159\u00edjemn\u00fdch p\u0159ekvapen\u00ed. Kvetouc\u00ed stromy v parc\u00edch a pod\u00e9l silnic \u2013 jestli\u017ee si zajist\u00edte ubytov\u00e1n\u00ed v levn\u00fdch penzionech v \u010cesk\u00fdch Bud\u011bjovic\u00edch https:\/\/www.penzionurudolfa.cz\/, a bude to nap\u0159\u00edklad na okraji m\u011bstsk\u00e9ho parku Stromovka, m\u016f\u017eete se tu nasytit jarn\u00ed atmosf\u00e9rou kvetouc\u00edch strom\u016f v parc\u00edch a na zahrad\u00e1ch dom\u016f a pochopiteln\u011b i na v\u00fdletech do p\u0159\u00edrody.Kr\u00e1sn\u00e9 v\u00fdhledy \u2013 \u010ceskobud\u011bjovicko je atraktivn\u00ed, i co se t\u00fd\u010de zaj\u00edmav\u00fdch vyhl\u00eddek. Doporu\u010dit bychom v\u00e1m mohli nap\u0159\u00edklad Dlouh\u00fd vrch u Rudolfova, \u0158\u00edmov a Vele\u0161\u00edn u \u0159\u00edmovsk\u00e9 p\u0159ehrady, P\u0159\u00edse\u010dnou nad \u010cesk\u00fdm Krumlovem, Vrchol Kleti a tak\u00e9 \u010d\u00e1st obce T\u0159\u00edsov \u2013 Nad Vs\u00ed.Jarn\u00ed Vltava \u2013 tamn\u00ed krajin\u011b dominuje tak\u00e9 \u00fadol\u00ed \u0159eky Vltavy. Ta se tu klikat\u00ed v p\u0159ehledn\u00fdch meandrech mezi Vy\u0161\u0161\u00edm Brodem a \u010cesk\u00fdmi Bud\u011bjovicemi v \u00faseku p\u0159ibli\u017en\u011b 70 km a okoln\u00ed p\u0159\u00edroda pat\u0159\u00ed k nejkr\u00e1sn\u011bj\u0161\u00edm a tak\u00e9 k nejvyhled\u00e1van\u011bj\u0161\u00edm v cel\u00e9 Evrop\u011b. Trasu m\u016f\u017eete projet autem anebo na kole, p\u0159i\u010dem\u017e v \u00faseku mezi Vy\u0161\u0161\u00edm Brodem a \u010cesk\u00fdm Krumlovem sm\u011b\u0159uje silnice p\u0159\u00edmo pod\u00e9l \u0159eky.                                                                                                                                                                                                                                                                                                                                                                                          4.2\/5 - (4 votes)        "},{"@context":"https:\/\/schema.org\/","@type":"BreadcrumbList","itemListElement":[{"@type":"ListItem","position":1,"name":"Jarn\u00ed dovolen\u00e1 na \u010ceskobud\u011bjovicku","item":"https:\/\/www.alfagrif.cz\/jarni-dovolena-na-ceskobudejovicku\/#breadcrumbitem"}]}]