[{"@context":"https:\/\/schema.org\/","@type":"Article","@id":"https:\/\/www.alfagrif.cz\/komunikace-doma\/#Article","mainEntityOfPage":"https:\/\/www.alfagrif.cz\/komunikace-doma\/","headline":"Komunikace doma","name":"Komunikace doma","description":"\u0158eknu v\u00e1m, \u017ee kdy\u017e jsou vztahy na nic a nebo kdy\u017e se n\u011bkdo st\u00e1le h\u00e1d\u00e1, tak je to velice smutn\u00e9. V\u011b\u0159te mi nebo ne, ale j\u00e1 jsem tohle tak\u00e9 za\u017eila a u\u017e n\u011bkolikr\u00e1t, ne jenom v\u00fdjime\u010dn\u011b. A mus\u00edm uznat, \u017ee kdy\u017e se t\u0159eba lid\u00e9 h\u00e1daj\u00ed a maj\u00ed mezi sebou opravdu \u0161patn\u00e9 a takov\u00e9 divn\u00e9, rozh\u00e1dan\u00e9 [&hellip;]","datePublished":"2023-11-08","dateModified":"2023-11-08","author":{"@type":"Person","@id":"https:\/\/www.alfagrif.cz\/author\/#Person","name":"","url":"https:\/\/www.alfagrif.cz\/author\/","identifier":1,"image":{"@type":"ImageObject","@id":"https:\/\/secure.gravatar.com\/avatar\/15c4177f6d86975c976af12ba80b10af7add2f97f8786f8cf1596253472c0ea7?s=96&d=mm&r=g","url":"https:\/\/secure.gravatar.com\/avatar\/15c4177f6d86975c976af12ba80b10af7add2f97f8786f8cf1596253472c0ea7?s=96&d=mm&r=g","height":96,"width":96}},"publisher":{"@type":"Organization","name":"alfagrif.cz","logo":{"@type":"ImageObject","@id":"\/logo.png","url":"\/logo.png","width":600,"height":60}},"image":{"@type":"ImageObject","@id":"https:\/\/www.alfagrif.cz\/wp-content\/uploads\/mother-6935336_1280_1.jpg","url":"https:\/\/www.alfagrif.cz\/wp-content\/uploads\/mother-6935336_1280_1.jpg","height":0,"width":0},"url":"https:\/\/www.alfagrif.cz\/komunikace-doma\/","about":["Vztahy"],"wordCount":448,"articleBody":"\u0158eknu v\u00e1m, \u017ee kdy\u017e jsou vztahy na nic a nebo kdy\u017e se n\u011bkdo st\u00e1le h\u00e1d\u00e1, tak je to velice smutn\u00e9. V\u011b\u0159te mi nebo ne, ale j\u00e1 jsem tohle tak\u00e9 za\u017eila a u\u017e n\u011bkolikr\u00e1t, ne jenom v\u00fdjime\u010dn\u011b. A mus\u00edm uznat, \u017ee kdy\u017e se t\u0159eba lid\u00e9 h\u00e1daj\u00ed a maj\u00ed mezi sebou opravdu \u0161patn\u00e9 a takov\u00e9 divn\u00e9, rozh\u00e1dan\u00e9 vztahy, tak je to velice smutn\u00e9. Mus\u00edm uznat, \u017ee na jednu\u00a0stranu je to zase takov\u00e9 divn\u00e9 a \u017ee se alespo\u0148 pro\u010dist\u00ed vzduch. \u0158\u00edk\u00e1 se, \u017ee kdy\u017e se dva\u00a0lid\u00e9 v dom\u00e1cnosti poh\u00e1daj\u00ed, kde je dusno, tak potom se pro\u010dist\u00ed vzduch.\u00a0\u0158\u00edk\u00e1 se, \u017ee n\u011bkde dusno, \u017ee by se vzduch dal kr\u00e1jet. J\u00e1 jsem tohle u\u017e tak\u00e9 n\u011bkolikr\u00e1t za\u017eila. Je to opravdu hodn\u011b smutn\u00e9. Nejhor\u0161\u00ed je, kdy\u017e se h\u00e1daj\u00ed d\u011bti vlastn\u00edmi rodi\u010di.Tohle jsem tak\u00e9 u\u017e n\u011bkolikr\u00e1t za\u017eila a \u0159eknu v\u00e1m, \u017ee v\u017edycky mi je z toho \u00fapln\u011b smutno a \u0159\u00edk\u00e1m si, pro\u010d by se rodi\u010de a jejich d\u011bti m\u011bly v\u016fbec h\u00e1dat? V\u017edycky rodi\u010de se sv\u00fdmi d\u011btmi by si m\u011bli jenom hr\u00e1t a milovat se navz\u00e1jem. J\u00e1 si mysl\u00edm, \u017ee lid\u00e9 snad\u00a0u\u017e pochop\u00ed, \u017ee se nemaj\u00ed lid\u00e9 h\u00e1dat, ani kdy\u017e maj\u00ed t\u0159eba \u0161patn\u00e9 vztahy. Co je na tom tak t\u011b\u017ek\u00e9ho si n\u011bkde sednout a popov\u00eddat si o tom. M\u016f\u017eete to vyu\u017e\u00edt takhle, \u017ee si t\u0159eba sednete n\u011bkam do restaurace na k\u00e1vu nebo na ob\u011bd nebo na ve\u010de\u0159i a tam v\u0161echno proberete.Podle m\u00e9ho n\u00e1zoru tohle je opravdu ten nejlep\u0161\u00ed zp\u016fsob, co m\u016f\u017eete ud\u011blat. Nejhor\u0161\u00ed je, kdy\u017e z\u016fstanete doma, t\u0159eba si\u00a0to ani nevysv\u011btl\u00edte a bude doma takov\u00e9 dusno, \u017ee se t\u0159eba ani t\u00fdden a nebo dva\u00a0t\u00fddny spolu v\u016fbec nebudete bavit a budete se jenom h\u00e1dat\u00a0nebo budete kolem sebe jenom takhle p\u0159ech\u00e1zet a myslet si, \u017ee ten dal\u0161\u00ed \u010dlen rodiny je duch. Nebo \u017ee je neviditeln\u00fd? V\u011b\u0159te, \u017ee tomu druh\u00e9mu\u00a0to potom bude opravdu hodn\u011b l\u00edto a potom bude velice slo\u017eit\u00e9 tyto vztahy napravit. Proto doporu\u010duji, v\u017edycky si spolu popov\u00eddat. J\u00e1 tohle d\u011bl\u00e1m tak\u00e9. A tak\u00e9 se ob\u010das poh\u00e1d\u00e1m se sv\u00fdm synem, i kdy\u017e mu je teprve osm\u00a0let, ale n\u011bkdy jednodu\u0161e ta komunikace mezi lidmi nen\u00ed opravdu nejlep\u0161\u00ed a pot\u0159ebuje vysv\u011btlen\u00ed a komunikaci.\u00a0                                                                                                                                                                                                                                                                                                                                                                                        4.7\/5 - (4 votes)        "},{"@context":"https:\/\/schema.org\/","@type":"BreadcrumbList","itemListElement":[{"@type":"ListItem","position":1,"name":"Komunikace doma","item":"https:\/\/www.alfagrif.cz\/komunikace-doma\/#breadcrumbitem"}]}]