[{"@context":"https:\/\/schema.org\/","@type":"Article","@id":"https:\/\/www.alfagrif.cz\/kontejnery-do-zamestnani\/#Article","mainEntityOfPage":"https:\/\/www.alfagrif.cz\/kontejnery-do-zamestnani\/","headline":"Kontejnery do zam\u011bstn\u00e1n\u00ed","name":"Kontejnery do zam\u011bstn\u00e1n\u00ed","description":"V\u0161ichni v\u00edme, \u017ee kdy\u017e lid\u00e9 n\u011bco vyr\u00e1b\u00ed anebo pot\u0159ebuj\u00ed vyrobit, tak tak\u00e9 k tomu pot\u0159ebuj\u00ed ur\u010dit\u00e9 postupy, aby v\u0161echno m\u011bli po\u0159\u00e1dn\u011b ud\u011blan\u00e9. J\u00e1 si mysl\u00edm, \u017ee lid\u00e9, kte\u0159\u00ed t\u0159eba vyr\u00e1b\u011bj\u00ed n\u011bco z plastu, tak tak\u00e9 v\u00ed, \u017ee u n\u00e1s v\u0161ude ve sv\u011bt\u011b u\u017e je plastu dost, \u017ee se s plastem tak\u00e9 mus\u00ed \u0161et\u0159it, aby se [&hellip;]","datePublished":"2023-10-16","dateModified":"2023-12-21","author":{"@type":"Person","@id":"https:\/\/www.alfagrif.cz\/author\/#Person","name":"","url":"https:\/\/www.alfagrif.cz\/author\/","identifier":1,"image":{"@type":"ImageObject","@id":"https:\/\/secure.gravatar.com\/avatar\/15c4177f6d86975c976af12ba80b10af7add2f97f8786f8cf1596253472c0ea7?s=96&d=mm&r=g","url":"https:\/\/secure.gravatar.com\/avatar\/15c4177f6d86975c976af12ba80b10af7add2f97f8786f8cf1596253472c0ea7?s=96&d=mm&r=g","height":96,"width":96}},"publisher":{"@type":"Organization","name":"alfagrif.cz","logo":{"@type":"ImageObject","@id":"\/logo.png","url":"\/logo.png","width":600,"height":60}},"image":{"@type":"ImageObject","@id":"https:\/\/www.alfagrif.cz\/wp-content\/uploads\/the-bottle-5128607_1280_6.jpg","url":"https:\/\/www.alfagrif.cz\/wp-content\/uploads\/the-bottle-5128607_1280_6.jpg","height":0,"width":0},"url":"https:\/\/www.alfagrif.cz\/kontejnery-do-zamestnani\/","about":["Byznys"],"wordCount":392,"articleBody":"   V\u0161ichni v\u00edme, \u017ee kdy\u017e lid\u00e9 n\u011bco vyr\u00e1b\u00ed anebo pot\u0159ebuj\u00ed vyrobit, tak tak\u00e9 k tomu pot\u0159ebuj\u00ed ur\u010dit\u00e9 postupy, aby v\u0161echno m\u011bli po\u0159\u00e1dn\u011b ud\u011blan\u00e9. J\u00e1 si mysl\u00edm, \u017ee lid\u00e9, kte\u0159\u00ed t\u0159eba vyr\u00e1b\u011bj\u00ed n\u011bco z plastu, tak tak\u00e9 v\u00ed, \u017ee u n\u00e1s v\u0161ude ve sv\u011bt\u011b u\u017e je plastu dost, \u017ee se s plastem tak\u00e9 mus\u00ed \u0161et\u0159it, aby se st\u00e1le nevyv\u00edjel nov\u00fd a nov\u00fd plast. Proto jsem velice r\u00e1da, \u017ee se tak\u00e9 vyr\u00e1b\u00ed z recyklovan\u00e9ho plastu dal\u0161\u00ed recyklovateln\u00e9 plasty, jako nap\u0159\u00edklad pet lahve anebo tak\u00e9 dokonce i n\u011bjak\u00e9 kontejnery. Nap\u0159\u00edklad prodej IBC kontejner\u016f m\u016f\u017ee b\u00fdt opravdu z r\u016fzn\u00e9ho materi\u00e1lu. Proto\u017ee IBC kontejnery m\u016f\u017eete m\u00edt jak z plastu, kter\u00fd je velice odoln\u00fd anebo tak\u00e9 ze \u017eeleza a dal\u0161\u00edch kov\u016f. J\u00e1 si mysl\u00edm, \u017ee pr\u00e1v\u011b prodej IBC kontejner\u016f, kter\u00e9 jsou z plastu, tak jsou velice pevn\u00e9 a tak\u00e9 se lehce mus\u00ed udr\u017eovat. Je toti\u017e naprosto logick\u00e9, \u017ee kdy\u017e si \u010dlov\u011bk po\u0159\u00edd\u00ed n\u011bjak\u00e9 IBC kontejnery, tak tak\u00e9 bude samoz\u0159ejm\u011b cht\u00edt, aby se lehce udr\u017eovaly a tak\u00e9, aby spl\u0148ovaly ur\u010dit\u00e9 normy a hodnoty prodeje. Pokud i vy jste n\u011bkdy pot\u0159ebovali IBC kontejnery, tak se opravdu nebojte a nav\u0161tivte r\u016fzn\u00e9 webov\u00e9 str\u00e1nky, kde nab\u00edz\u00ed pr\u00e1v\u011b zm\u00edn\u011bn\u00e9 IBC kontejnery na prodej, proto\u017ee ne ka\u017ed\u00e1 firma m\u016f\u017ee b\u00fdt opravdu poctiv\u00e1. J\u00e1 jsem ale r\u00e1da, \u017ee v na\u0161\u00ed \u010cesk\u00e9 republice existuje opravdu mnoho firem, kter\u00e9 jsou velice pe\u010dliv\u00e9 a poctiv\u00e9 a sv\u00fdm z\u00e1kazn\u00edk\u016fm nab\u00edz\u00ed opravdu kvalitn\u00ed zbo\u017e\u00ed. V tomto p\u0159\u00edpadu opravdu kvalitn\u00ed IBC kontejnery, kter\u00e9 jsou na prodej. A dokonce i j\u00e1 sama jsem si \u0159\u00edkala, \u017ee kdybych podnikala a t\u0159eba bych podnikala v potravin\u00e1\u0159stv\u00ed, tak bych si tak\u00e9 od renomovan\u00e9 firmy objednala kvalitn\u00ed IBC kontejnery. Tyhle jsou toti\u017e velice pot\u0159eba, jsou i hygienick\u00e9, tak\u017ee nap\u0159\u00edklad prodej IBC kontejner\u016f se tak\u00e9 prod\u00e1v\u00e1 do potravin\u00e1\u0159stv\u00ed, kdy se potom p\u0159ev\u00e1\u017e\u00ed r\u016fzn\u00e9 potraviny do jin\u00fdch \u010d\u00e1st\u00ed a kout\u016f sv\u011bta. Tohle se mi opravdu zamlouv\u00e1, proto\u017ee skv\u011bl\u00e1 pr\u00e1ce se v\u017edy mus\u00ed ocenit.                                                                                                                                                                                                                                                                                                                                                                                          4.8\/5 - (5 votes)        "},{"@context":"https:\/\/schema.org\/","@type":"BreadcrumbList","itemListElement":[{"@type":"ListItem","position":1,"name":"Kontejnery do zam\u011bstn\u00e1n\u00ed","item":"https:\/\/www.alfagrif.cz\/kontejnery-do-zamestnani\/#breadcrumbitem"}]}]