[{"@context":"https:\/\/schema.org\/","@type":"Article","@id":"https:\/\/www.alfagrif.cz\/leve-nebo-prave\/#Article","mainEntityOfPage":"https:\/\/www.alfagrif.cz\/leve-nebo-prave\/","headline":"Lev\u00e9, nebo prav\u00e9?","name":"Lev\u00e9, nebo prav\u00e9?","description":"P\u0159i v\u00fdb\u011bruinteri\u00e9rov\u00fdch dve\u0159\u00ed, zejm\u00e9na na e-shopech, je t\u0159eba si d\u00e1t pozor zejm\u00e9na na spr\u00e1vn\u00e9 zm\u011b\u0159en\u00ed rozm\u011br\u016f stavebn\u00edho otvoru, p\u0159\u00edpadn\u011b z\u00e1rubn\u00ed, zejm\u00e9na \u0161\u00ed\u0159ku, p\u0159\u00edpadn\u011b tak\u00e9 v\u00fd\u0161ku, pokud by byla odli\u0161n\u00e1 od standardn\u00edch 200 cm! Kupodivu se ale nejv\u00edce chyb d\u011bl\u00e1 p\u0159i volb\u011b, po\u017eadujeme-li proveden\u00ed takzvan\u011b \u201eprav\u00e9\u201c, nebo \u201elev\u00e9\u201c. Je velmi \u010dast\u00e9, \u017ee si to lid\u00e9 pletou. [&hellip;]","datePublished":"2024-11-22","dateModified":"2024-11-22","author":{"@type":"Person","@id":"https:\/\/www.alfagrif.cz\/author\/#Person","name":"","url":"https:\/\/www.alfagrif.cz\/author\/","identifier":1,"image":{"@type":"ImageObject","@id":"https:\/\/secure.gravatar.com\/avatar\/15c4177f6d86975c976af12ba80b10af7add2f97f8786f8cf1596253472c0ea7?s=96&d=mm&r=g","url":"https:\/\/secure.gravatar.com\/avatar\/15c4177f6d86975c976af12ba80b10af7add2f97f8786f8cf1596253472c0ea7?s=96&d=mm&r=g","height":96,"width":96}},"publisher":{"@type":"Organization","name":"alfagrif.cz","logo":{"@type":"ImageObject","@id":"\/logo.png","url":"\/logo.png","width":600,"height":60}},"url":"https:\/\/www.alfagrif.cz\/leve-nebo-prave\/","wordCount":185,"articleBody":"P\u0159i v\u00fdb\u011bruinteri\u00e9rov\u00fdch dve\u0159\u00ed, zejm\u00e9na na e-shopech, je t\u0159eba si d\u00e1t pozor zejm\u00e9na na spr\u00e1vn\u00e9 zm\u011b\u0159en\u00ed rozm\u011br\u016f stavebn\u00edho otvoru, p\u0159\u00edpadn\u011b z\u00e1rubn\u00ed, zejm\u00e9na \u0161\u00ed\u0159ku, p\u0159\u00edpadn\u011b tak\u00e9 v\u00fd\u0161ku, pokud by byla odli\u0161n\u00e1 od standardn\u00edch 200 cm! Kupodivu se ale nejv\u00edce chyb d\u011bl\u00e1 p\u0159i volb\u011b, po\u017eadujeme-li proveden\u00ed takzvan\u011b \u201eprav\u00e9\u201c, nebo \u201elev\u00e9\u201c. Je velmi \u010dast\u00e9, \u017ee si to lid\u00e9 pletou. Proto sou\u010d\u00e1st\u00ed informac\u00ed a n\u00e1vodu k objedn\u00e1vce je tak\u00e9 jednozna\u010dn\u00e9 vysv\u011btlen\u00ed i s n\u00e1kresem podle \u010deho pozn\u00e1me, o jak\u00e9 proveden\u00ed se jedn\u00e1.Snadn\u00fd zp\u016fsobStoj\u00edme-li proti dve\u0159\u00edm a otev\u00edr\u00e1me je sm\u011brem dovnit\u0159 &#8211;  k sob\u011b, pak proveden\u00ed lev\u00e9 m\u00e1 z\u00e1v\u011bsy (lidov\u011b panty) taky na stran\u011b lev\u00e9. Opa\u010dn\u011b pak proveden\u00ed prav\u00e9 m\u00e1 z\u00e1v\u011bsy na stran\u011b prav\u00e9. Nutno pamatovat, \u017ee je ale mus\u00edme otev\u00edrat sm\u011brem k sob\u011b! Pokud bychom st\u00e1li opa\u010dn\u011b a otev\u00edrali sm\u011brem od sebe, bylo by ozna\u010den\u00ed p\u0159esn\u011b naopak!                                                                                                                                                                                                                                                                                                                                                                                        5\/5 - (3 votes)        "},{"@context":"https:\/\/schema.org\/","@type":"BreadcrumbList","itemListElement":[{"@type":"ListItem","position":1,"name":"Lev\u00e9, nebo prav\u00e9?","item":"https:\/\/www.alfagrif.cz\/leve-nebo-prave\/#breadcrumbitem"}]}]