[{"@context":"https:\/\/schema.org\/","@type":"Article","@id":"https:\/\/www.alfagrif.cz\/miminka-potrebuji-hodne-veci\/#Article","mainEntityOfPage":"https:\/\/www.alfagrif.cz\/miminka-potrebuji-hodne-veci\/","headline":"Miminka pot\u0159ebuj\u00ed hodn\u011b v\u011bc\u00ed","name":"Miminka pot\u0159ebuj\u00ed hodn\u011b v\u011bc\u00ed","description":"Do\u010dkali jste se v\u00fdznamn\u00e9 etapy ve va\u0161em \u017eivot\u011b, kdy se poprv\u00e9 stanete rodi\u010di? V\u011b\u0159te, \u017ee tato v\u00fdjime\u010dn\u00e1 ud\u00e1lost obn\u00e1\u0161\u00ed nejen radost, kterou jist\u011b neschov\u00e1te, ale i spoustu za\u0159izov\u00e1n\u00ed, kter\u00e9 je pot\u0159eba ud\u011blat je\u0161t\u011b p\u0159edt\u00edm ne\u017e ho s radost\u00ed p\u0159iv\u00edt\u00e1te na sv\u011bt. Jako prvn\u00ed je pot\u0159eba absolvovat n\u00e1kup oble\u010den\u00ed pro miminka, kter\u00fd se v\u016fbec nemus\u00ed st\u00e1t [&hellip;]","datePublished":"2019-06-08","dateModified":"2023-05-11","author":{"@type":"Person","@id":"https:\/\/www.alfagrif.cz\/author\/#Person","name":"","url":"https:\/\/www.alfagrif.cz\/author\/","identifier":1,"image":{"@type":"ImageObject","@id":"https:\/\/secure.gravatar.com\/avatar\/15c4177f6d86975c976af12ba80b10af7add2f97f8786f8cf1596253472c0ea7?s=96&d=mm&r=g","url":"https:\/\/secure.gravatar.com\/avatar\/15c4177f6d86975c976af12ba80b10af7add2f97f8786f8cf1596253472c0ea7?s=96&d=mm&r=g","height":96,"width":96}},"publisher":{"@type":"Organization","name":"alfagrif.cz","logo":{"@type":"ImageObject","@id":"\/logo.png","url":"\/logo.png","width":600,"height":60}},"image":{"@type":"ImageObject","@id":"https:\/\/www.alfagrif.cz\/wp-content\/uploads\/img_a350190_w1698_t1565008920.jpg","url":"https:\/\/www.alfagrif.cz\/wp-content\/uploads\/img_a350190_w1698_t1565008920.jpg","height":0,"width":0},"url":"https:\/\/www.alfagrif.cz\/miminka-potrebuji-hodne-veci\/","about":["Hobby"],"wordCount":435,"articleBody":"      Do\u010dkali jste se v\u00fdznamn\u00e9 etapy ve va\u0161em \u017eivot\u011b, kdy se poprv\u00e9 stanete rodi\u010di? V\u011b\u0159te, \u017ee tato v\u00fdjime\u010dn\u00e1 ud\u00e1lost obn\u00e1\u0161\u00ed nejen radost, kterou jist\u011b neschov\u00e1te, ale i spoustu za\u0159izov\u00e1n\u00ed, kter\u00e9 je pot\u0159eba ud\u011blat je\u0161t\u011b p\u0159edt\u00edm ne\u017e ho s radost\u00ed p\u0159iv\u00edt\u00e1te na sv\u011bt. Jako prvn\u00ed je pot\u0159eba absolvovat n\u00e1kup oble\u010den\u00ed pro miminka, kter\u00fd se v\u016fbec nemus\u00ed st\u00e1t zdlouhavou z\u00e1le\u017eitost\u00ed, pokud si vyberete jeden obchod, ve kter\u00e9m dostanete v\u0161echno, co po\u017eadujete. Origin\u00e1ln\u00ed sady  Nen\u00ed nutn\u00e9 zd\u016fraz\u0148ovat, \u017ee va\u0161e d\u00edt\u011b bude origin\u00e1ln\u00ed ve v\u0161ech ohledech a osobnost\u00ed, kter\u00e1 bude moct sv\u011btu n\u011bco nab\u00eddnout. Pod\u011blit se v\u0161ak s t\u00edm, jak ho milujete a jste na n\u011bho u\u017e od jeho narozen\u00ed py\u0161n\u00ed, m\u016f\u017eete i volbou kojeneck\u00e9ho oble\u010den\u00ed, kter\u00e9 bude origin\u00e1ln\u00ed d\u00edky volb\u011b va\u0161eho vlastn\u00edho potisku na bod\u00fd\u010dko, overal nebo jin\u00fd kousek oble\u010den\u00ed.Rovn\u011b\u017e tak se jedn\u00e1 i o d\u00e1rek, kter\u00fd m\u016f\u017eete darovat v\u0161em va\u0161im bl\u00edzk\u00fdm, kte\u0159\u00ed se v nejbli\u017e\u0161\u00ed dob\u011b stanou rodi\u010di stejn\u011b tak jako vy. Oble\u010den\u00ed a z\u00e1kladn\u00ed pot\u0159eby pro kojence  Nab\u00eddka oble\u010den\u00ed se zam\u011b\u0159uje nejen na miminka a novorozence, ale i na star\u0161\u00ed d\u011bti. Zvolit si tak m\u016f\u017eete hned n\u011bkolik druh\u016f velikost\u00ed, do kter\u00fdch va\u0161e miminko brzy doroste.Dopl\u0148te va\u0161i v\u00fdbavi\u010dku o novorozeneck\u00e9 sady do porodnice, takzvan\u00e9 komplety, ve kter\u00fdch bude nep\u0159ehl\u00e9dnuteln\u00e9, ale i v\u011bt\u0161\u00ed kousky overal\u016f nebo bod\u00fd\u010dek, kter\u00e9 se pova\u017euj\u00ed za nejvd\u011b\u010dn\u011bj\u0161\u00ed kousek oble\u010den\u00ed. \u2022 Nab\u00eddnou va\u0161emu d\u011b\u0165\u00e1tku pohodl\u00ed, p\u0159\u00edjemn\u00fd materi\u00e1l a spokojen\u00e9 span\u00ed d\u00edky tomu, \u017ee jich nebude tla\u010dit \u017e\u00e1dn\u00e1 gumi\u010dka kolem pasu.Na zimu si p\u0159ipravte sadu teplej\u0161\u00edho oble\u010den\u00ed, fusak\u016f do ko\u010d\u00e1rk\u016f, ale i spac\u00edch pytl\u016f do post\u00fdlky, kter\u00e9 rovn\u011b\u017e nalezete v na\u0161\u00ed rozmanit\u00e9 nab\u00eddce. Zvolit si m\u016f\u017eete mnoho kr\u00e1sn\u00e9ho oble\u010den\u00ed a pot\u0159eby vhodn\u00e9 jak pro kluky, tak pro hol\u010di\u010dky. Plenkov\u00fd dort  Narozen\u00ed va\u0161eho d\u011b\u0165\u00e1tka bude cht\u00edt jist\u011b oslavit ve velk\u00e9m. M\u00edsto klasick\u00e9ho dortu z cukr\u00e1rny m\u016f\u017eete oslavu pojmout opravdu origin\u00e1ln\u011b a zakoupit si v na\u0161em obchod\u011b plenkov\u00fd dort. Bu\u010fte si jist\u00ed, \u017ee se v\u00e1m nezkaz\u00ed a jeho vyu\u017eit\u00ed bude v\u00edce ne\u017e \u00fa\u010delov\u00e9.                                                                                                                                                                                                                                                                                                                                                                                          4.3\/5 - (13 votes)        "},{"@context":"https:\/\/schema.org\/","@type":"BreadcrumbList","itemListElement":[{"@type":"ListItem","position":1,"name":"Miminka pot\u0159ebuj\u00ed hodn\u011b v\u011bc\u00ed","item":"https:\/\/www.alfagrif.cz\/miminka-potrebuji-hodne-veci\/#breadcrumbitem"}]}]