[{"@context":"https:\/\/schema.org\/","@type":"Article","@id":"https:\/\/www.alfagrif.cz\/netradicni-darky-pro-vase-blizke\/#Article","mainEntityOfPage":"https:\/\/www.alfagrif.cz\/netradicni-darky-pro-vase-blizke\/","headline":"Netradi\u010dn\u00ed d\u00e1rky pro va\u0161e bl\u00edzk\u00e9","name":"Netradi\u010dn\u00ed d\u00e1rky pro va\u0161e bl\u00edzk\u00e9","description":"P\u0159em\u00fd\u0161l\u00edte marn\u011b o vhodn\u00e9m d\u00e1rku pro va\u0161e bl\u00edzk\u00e9 a p\u0159\u00e1tele? A uva\u017eovali jste ji\u017e o mo\u017enosti v\u011bnovat jim d\u00e1rkov\u00fd poukaz spojen\u00fd s mo\u017enost\u00ed p\u0159\u00edjemn\u011b str\u00e1vit ve\u010der nebo v\u00edkend? Pokud ne, pak pro V\u00e1s m\u00e1me skute\u010dn\u011b zaj\u00edmavou nab\u00eddku. U n\u00e1s m\u016f\u017eete pro sv\u00e9 p\u0159\u00e1tele objednat skute\u010dn\u011b atraktivn\u00ed d\u00e1rkov\u00e9 poukazy, kter\u00e9 jsou spojen\u00e9 se slu\u017ebami na\u0161\u00ed spole\u010dnosti, [&hellip;]","datePublished":"2024-12-03","dateModified":"2024-12-03","author":{"@type":"Person","@id":"https:\/\/www.alfagrif.cz\/author\/#Person","name":"","url":"https:\/\/www.alfagrif.cz\/author\/","identifier":1,"image":{"@type":"ImageObject","@id":"https:\/\/secure.gravatar.com\/avatar\/15c4177f6d86975c976af12ba80b10af7add2f97f8786f8cf1596253472c0ea7?s=96&d=mm&r=g","url":"https:\/\/secure.gravatar.com\/avatar\/15c4177f6d86975c976af12ba80b10af7add2f97f8786f8cf1596253472c0ea7?s=96&d=mm&r=g","height":96,"width":96}},"publisher":{"@type":"Organization","name":"alfagrif.cz","logo":{"@type":"ImageObject","@id":"\/logo.png","url":"\/logo.png","width":600,"height":60}},"url":"https:\/\/www.alfagrif.cz\/netradicni-darky-pro-vase-blizke\/","wordCount":193,"articleBody":"P\u0159em\u00fd\u0161l\u00edte marn\u011b o vhodn\u00e9m d\u00e1rku pro va\u0161e bl\u00edzk\u00e9 a p\u0159\u00e1tele? A uva\u017eovali jste ji\u017e o mo\u017enosti v\u011bnovat jim d\u00e1rkov\u00fd poukaz spojen\u00fd s mo\u017enost\u00ed p\u0159\u00edjemn\u011b str\u00e1vit ve\u010der nebo v\u00edkend? Pokud ne, pak pro V\u00e1s m\u00e1me skute\u010dn\u011b zaj\u00edmavou nab\u00eddku. U n\u00e1s m\u016f\u017eete pro sv\u00e9 p\u0159\u00e1tele objednat skute\u010dn\u011b atraktivn\u00ed d\u00e1rkov\u00e9 poukazy, kter\u00e9 jsou spojen\u00e9 se slu\u017ebami na\u0161\u00ed spole\u010dnosti, a to nap\u0159. s mo\u017enost\u00ed vyu\u017e\u00edt na\u0161i restauraci nebo hotel Kol\u00edn.Z\u00e1\u017eitkov\u00e9 akce jako d\u00e1rekNa\u0161e spole\u010dnost pro V\u00e1s p\u0159ipravila mo\u017enost zakoupit si u n\u00e1s d\u00e1rkov\u00fd poukaz (voucher) na na\u0161e slu\u017eby nejenom v na\u0161ich provozovn\u00e1ch (restaurace, hotel Kol\u00edn, bowling, vigvam). D\u00edky n\u00e1m a na\u0161im poukaz\u016fm tak\u00e9 m\u016f\u017eete putovat za v\u00ednem, vyjet si limuz\u00ednou do Prahy apod. Nejenom na\u0161e slu\u017eby a z\u00e1\u017eitkov\u00e9 akce jist\u011b pot\u011b\u0161\u00ed nejenom V\u00e1s, ale tak\u00e9 i Va\u0161e bl\u00edzk\u00e9, p\u0159\u00e1tele a zn\u00e1m\u00e9.                                                                                                                                                                                                                                                                                                                                                                                        4\/5 - (2 votes)        "},{"@context":"https:\/\/schema.org\/","@type":"BreadcrumbList","itemListElement":[{"@type":"ListItem","position":1,"name":"Netradi\u010dn\u00ed d\u00e1rky pro va\u0161e bl\u00edzk\u00e9","item":"https:\/\/www.alfagrif.cz\/netradicni-darky-pro-vase-blizke\/#breadcrumbitem"}]}]