[{"@context":"https:\/\/schema.org\/","@type":"Blog","@id":"https:\/\/www.alfagrif.cz#Blog","headline":"Alfa grif","description":"\nKdy\u017e chce b\u00fdt n\u011bkdo propagov\u00e1n na internetu, mus\u00ed si pro to naj\u00edt ten nejdokonalej\u0161\u00ed prostor. A pr\u00e1v\u011b na na\u0161em webu takov\u00fd prostor naleznete.","url":"https:\/\/www.alfagrif.cz","hasPart":[{"@type":"Article","@id":"https:\/\/www.alfagrif.cz\/saty-i-pro-nevesty-s-vetsi-velikosti\/","headline":"\u0160aty i pro nev\u011bsty s v\u011bt\u0161\u00ed velikost\u00ed","url":"https:\/\/www.alfagrif.cz\/saty-i-pro-nevesty-s-vetsi-velikosti\/","datePublished":"2025-04-03","dateModified":"2025-04-03","mainEntityOfPage":"https:\/\/www.alfagrif.cz\/saty-i-pro-nevesty-s-vetsi-velikosti\/","author":{"@type":"Person","@id":"https:\/\/www.alfagrif.cz\/author\/#Person","name":"","url":"https:\/\/www.alfagrif.cz\/author\/","identifier":1,"image":{"@type":"ImageObject","@id":"https:\/\/secure.gravatar.com\/avatar\/15c4177f6d86975c976af12ba80b10af7add2f97f8786f8cf1596253472c0ea7?s=96&d=mm&r=g","url":"https:\/\/secure.gravatar.com\/avatar\/15c4177f6d86975c976af12ba80b10af7add2f97f8786f8cf1596253472c0ea7?s=96&d=mm&r=g","height":96,"width":96}},"publisher":{"@type":"Organization","name":"alfagrif.cz","logo":{"@type":"ImageObject","@id":"\/logo.png","url":"\/logo.png","width":600,"height":60}},"image":{"@type":"ImageObject","@id":"https:\/\/www.alfagrif.cz\/wp-content\/uploads\/woman-2609523_640.jpg","url":"https:\/\/www.alfagrif.cz\/wp-content\/uploads\/woman-2609523_640.jpg","height":0,"width":0},"wordCount":554,"keywords":null},{"@type":"Article","@id":"https:\/\/www.alfagrif.cz\/virivka-praha\/","headline":"V\u00ed\u0159ivka Praha","url":"https:\/\/www.alfagrif.cz\/virivka-praha\/","datePublished":"2025-04-01","dateModified":"2025-04-01","mainEntityOfPage":"https:\/\/www.alfagrif.cz\/virivka-praha\/","author":{"@type":"Person","@id":"https:\/\/www.alfagrif.cz\/author\/#Person","name":"","url":"https:\/\/www.alfagrif.cz\/author\/","identifier":1,"image":{"@type":"ImageObject","@id":"https:\/\/secure.gravatar.com\/avatar\/15c4177f6d86975c976af12ba80b10af7add2f97f8786f8cf1596253472c0ea7?s=96&d=mm&r=g","url":"https:\/\/secure.gravatar.com\/avatar\/15c4177f6d86975c976af12ba80b10af7add2f97f8786f8cf1596253472c0ea7?s=96&d=mm&r=g","height":96,"width":96}},"publisher":{"@type":"Organization","name":"alfagrif.cz","logo":{"@type":"ImageObject","@id":"\/logo.png","url":"\/logo.png","width":600,"height":60}},"image":null,"wordCount":233,"keywords":null},{"@type":"Article","@id":"https:\/\/www.alfagrif.cz\/co-delat-kdyz-se-auto-rozbije\/","headline":"Co d\u011blat, kdy\u017e se auto rozbije?","url":"https:\/\/www.alfagrif.cz\/co-delat-kdyz-se-auto-rozbije\/","datePublished":"2025-03-29","dateModified":"2025-03-29","mainEntityOfPage":"https:\/\/www.alfagrif.cz\/co-delat-kdyz-se-auto-rozbije\/","author":{"@type":"Person","@id":"https:\/\/www.alfagrif.cz\/author\/#Person","name":"","url":"https:\/\/www.alfagrif.cz\/author\/","identifier":1,"image":{"@type":"ImageObject","@id":"https:\/\/secure.gravatar.com\/avatar\/15c4177f6d86975c976af12ba80b10af7add2f97f8786f8cf1596253472c0ea7?s=96&d=mm&r=g","url":"https:\/\/secure.gravatar.com\/avatar\/15c4177f6d86975c976af12ba80b10af7add2f97f8786f8cf1596253472c0ea7?s=96&d=mm&r=g","height":96,"width":96}},"publisher":{"@type":"Organization","name":"alfagrif.cz","logo":{"@type":"ImageObject","@id":"\/logo.png","url":"\/logo.png","width":600,"height":60}},"image":{"@type":"ImageObject","@id":"https:\/\/www.alfagrif.cz\/wp-content\/uploads\/car-3318430_640_7.jpg","url":"https:\/\/www.alfagrif.cz\/wp-content\/uploads\/car-3318430_640_7.jpg","height":0,"width":0},"wordCount":514,"keywords":null},{"@type":"Article","@id":"https:\/\/www.alfagrif.cz\/problematika-dpf-filtru-je-velmi-slozita\/","headline":"Problematika DPF filtr\u016f je velmi slo\u017eit\u00e1","url":"https:\/\/www.alfagrif.cz\/problematika-dpf-filtru-je-velmi-slozita\/","datePublished":"2025-03-24","dateModified":"2025-03-24","mainEntityOfPage":"https:\/\/www.alfagrif.cz\/problematika-dpf-filtru-je-velmi-slozita\/","author":{"@type":"Person","@id":"https:\/\/www.alfagrif.cz\/author\/#Person","name":"","url":"https:\/\/www.alfagrif.cz\/author\/","identifier":1,"image":{"@type":"ImageObject","@id":"https:\/\/secure.gravatar.com\/avatar\/15c4177f6d86975c976af12ba80b10af7add2f97f8786f8cf1596253472c0ea7?s=96&d=mm&r=g","url":"https:\/\/secure.gravatar.com\/avatar\/15c4177f6d86975c976af12ba80b10af7add2f97f8786f8cf1596253472c0ea7?s=96&d=mm&r=g","height":96,"width":96}},"publisher":{"@type":"Organization","name":"alfagrif.cz","logo":{"@type":"ImageObject","@id":"\/logo.png","url":"\/logo.png","width":600,"height":60}},"image":{"@type":"ImageObject","@id":"https:\/\/www.alfagrif.cz\/wp-content\/uploads\/highway-3392100_640_6.jpg","url":"https:\/\/www.alfagrif.cz\/wp-content\/uploads\/highway-3392100_640_6.jpg","height":0,"width":0},"wordCount":756,"keywords":null},{"@type":"Article","@id":"https:\/\/www.alfagrif.cz\/krasna-rodinna-tradice\/","headline":"Kr\u00e1sn\u00e1 rodinn\u00e1 tradice","url":"https:\/\/www.alfagrif.cz\/krasna-rodinna-tradice\/","datePublished":"2025-03-23","dateModified":"2025-03-23","mainEntityOfPage":"https:\/\/www.alfagrif.cz\/krasna-rodinna-tradice\/","author":{"@type":"Person","@id":"https:\/\/www.alfagrif.cz\/author\/#Person","name":"","url":"https:\/\/www.alfagrif.cz\/author\/","identifier":1,"image":{"@type":"ImageObject","@id":"https:\/\/secure.gravatar.com\/avatar\/15c4177f6d86975c976af12ba80b10af7add2f97f8786f8cf1596253472c0ea7?s=96&d=mm&r=g","url":"https:\/\/secure.gravatar.com\/avatar\/15c4177f6d86975c976af12ba80b10af7add2f97f8786f8cf1596253472c0ea7?s=96&d=mm&r=g","height":96,"width":96}},"publisher":{"@type":"Organization","name":"alfagrif.cz","logo":{"@type":"ImageObject","@id":"\/logo.png","url":"\/logo.png","width":600,"height":60}},"image":null,"wordCount":215,"keywords":null},{"@type":"Article","@id":"https:\/\/www.alfagrif.cz\/kvalita-za-velmi-nizke-ceny\/","headline":"Kvalita za velmi n\u00edzk\u00e9 ceny","url":"https:\/\/www.alfagrif.cz\/kvalita-za-velmi-nizke-ceny\/","datePublished":"2025-03-15","dateModified":"2025-03-15","mainEntityOfPage":"https:\/\/www.alfagrif.cz\/kvalita-za-velmi-nizke-ceny\/","author":{"@type":"Person","@id":"https:\/\/www.alfagrif.cz\/author\/#Person","name":"","url":"https:\/\/www.alfagrif.cz\/author\/","identifier":1,"image":{"@type":"ImageObject","@id":"https:\/\/secure.gravatar.com\/avatar\/15c4177f6d86975c976af12ba80b10af7add2f97f8786f8cf1596253472c0ea7?s=96&d=mm&r=g","url":"https:\/\/secure.gravatar.com\/avatar\/15c4177f6d86975c976af12ba80b10af7add2f97f8786f8cf1596253472c0ea7?s=96&d=mm&r=g","height":96,"width":96}},"publisher":{"@type":"Organization","name":"alfagrif.cz","logo":{"@type":"ImageObject","@id":"\/logo.png","url":"\/logo.png","width":600,"height":60}},"image":null,"wordCount":210,"keywords":null},{"@type":"Article","@id":"https:\/\/www.alfagrif.cz\/chovatelske-potreby\/","headline":"Chovatelsk\u00e9 pot\u0159eby","url":"https:\/\/www.alfagrif.cz\/chovatelske-potreby\/","datePublished":"2025-03-04","dateModified":"2025-03-04","mainEntityOfPage":"https:\/\/www.alfagrif.cz\/chovatelske-potreby\/","author":{"@type":"Person","@id":"https:\/\/www.alfagrif.cz\/author\/#Person","name":"","url":"https:\/\/www.alfagrif.cz\/author\/","identifier":1,"image":{"@type":"ImageObject","@id":"https:\/\/secure.gravatar.com\/avatar\/15c4177f6d86975c976af12ba80b10af7add2f97f8786f8cf1596253472c0ea7?s=96&d=mm&r=g","url":"https:\/\/secure.gravatar.com\/avatar\/15c4177f6d86975c976af12ba80b10af7add2f97f8786f8cf1596253472c0ea7?s=96&d=mm&r=g","height":96,"width":96}},"publisher":{"@type":"Organization","name":"alfagrif.cz","logo":{"@type":"ImageObject","@id":"\/logo.png","url":"\/logo.png","width":600,"height":60}},"image":null,"wordCount":241,"keywords":null},{"@type":"Article","@id":"https:\/\/www.alfagrif.cz\/jak-byt-krasna-na-materske\/","headline":"Jak b\u00fdt kr\u00e1sn\u00e1 na mate\u0159sk\u00e9?","url":"https:\/\/www.alfagrif.cz\/jak-byt-krasna-na-materske\/","datePublished":"2025-02-28","dateModified":"2025-02-28","mainEntityOfPage":"https:\/\/www.alfagrif.cz\/jak-byt-krasna-na-materske\/","author":{"@type":"Person","@id":"https:\/\/www.alfagrif.cz\/author\/#Person","name":"","url":"https:\/\/www.alfagrif.cz\/author\/","identifier":1,"image":{"@type":"ImageObject","@id":"https:\/\/secure.gravatar.com\/avatar\/15c4177f6d86975c976af12ba80b10af7add2f97f8786f8cf1596253472c0ea7?s=96&d=mm&r=g","url":"https:\/\/secure.gravatar.com\/avatar\/15c4177f6d86975c976af12ba80b10af7add2f97f8786f8cf1596253472c0ea7?s=96&d=mm&r=g","height":96,"width":96}},"publisher":{"@type":"Organization","name":"alfagrif.cz","logo":{"@type":"ImageObject","@id":"\/logo.png","url":"\/logo.png","width":600,"height":60}},"image":{"@type":"ImageObject","@id":"https:\/\/www.alfagrif.cz\/wp-content\/uploads\/img_a306035_w1961_t1517329458.jpg","url":"https:\/\/www.alfagrif.cz\/wp-content\/uploads\/img_a306035_w1961_t1517329458.jpg","height":0,"width":0},"wordCount":720,"keywords":null},{"@type":"Article","@id":"https:\/\/www.alfagrif.cz\/jak-na-nespavost\/","headline":"Jak na nespavost","url":"https:\/\/www.alfagrif.cz\/jak-na-nespavost\/","datePublished":"2025-02-28","dateModified":"2025-02-28","mainEntityOfPage":"https:\/\/www.alfagrif.cz\/jak-na-nespavost\/","author":{"@type":"Person","@id":"https:\/\/www.alfagrif.cz\/author\/#Person","name":"","url":"https:\/\/www.alfagrif.cz\/author\/","identifier":1,"image":{"@type":"ImageObject","@id":"https:\/\/secure.gravatar.com\/avatar\/15c4177f6d86975c976af12ba80b10af7add2f97f8786f8cf1596253472c0ea7?s=96&d=mm&r=g","url":"https:\/\/secure.gravatar.com\/avatar\/15c4177f6d86975c976af12ba80b10af7add2f97f8786f8cf1596253472c0ea7?s=96&d=mm&r=g","height":96,"width":96}},"publisher":{"@type":"Organization","name":"alfagrif.cz","logo":{"@type":"ImageObject","@id":"\/logo.png","url":"\/logo.png","width":600,"height":60}},"image":{"@type":"ImageObject","@id":"https:\/\/www.alfagrif.cz\/wp-content\/uploads\/img_a337041_w2533_t1550328340.jpg","url":"https:\/\/www.alfagrif.cz\/wp-content\/uploads\/img_a337041_w2533_t1550328340.jpg","height":0,"width":0},"wordCount":543,"keywords":null},{"@type":"Article","@id":"https:\/\/www.alfagrif.cz\/prijemne-prebudenie-z-letargie\/","headline":"Pr\u00edjemn\u00e9 prebudenie z letargie","url":"https:\/\/www.alfagrif.cz\/prijemne-prebudenie-z-letargie\/","datePublished":"2025-02-27","dateModified":"2025-02-27","mainEntityOfPage":"https:\/\/www.alfagrif.cz\/prijemne-prebudenie-z-letargie\/","author":{"@type":"Person","@id":"https:\/\/www.alfagrif.cz\/author\/#Person","name":"","url":"https:\/\/www.alfagrif.cz\/author\/","identifier":1,"image":{"@type":"ImageObject","@id":"https:\/\/secure.gravatar.com\/avatar\/15c4177f6d86975c976af12ba80b10af7add2f97f8786f8cf1596253472c0ea7?s=96&d=mm&r=g","url":"https:\/\/secure.gravatar.com\/avatar\/15c4177f6d86975c976af12ba80b10af7add2f97f8786f8cf1596253472c0ea7?s=96&d=mm&r=g","height":96,"width":96}},"publisher":{"@type":"Organization","name":"alfagrif.cz","logo":{"@type":"ImageObject","@id":"\/logo.png","url":"\/logo.png","width":600,"height":60}},"image":null,"wordCount":210,"keywords":null}]},{"@context":"https:\/\/schema.org","@type":"WebSite","@id":"https:\/\/www.alfagrif.cz\/#website","name":"Alfa grif","url":"https:\/\/www.alfagrif.cz","potentialAction":{"@type":"SearchAction","target":"https:\/\/www.alfagrif.cz\/?s={search_term_string}","query-input":"required name=search_term_string"}}]