[{"@context":"https:\/\/schema.org\/","@type":"Article","@id":"https:\/\/www.alfagrif.cz\/probouzeni-s-budikem-nebo-mobilem\/#Article","mainEntityOfPage":"https:\/\/www.alfagrif.cz\/probouzeni-s-budikem-nebo-mobilem\/","headline":"Probouzen\u00ed s bud\u00edkem nebo mobilem?","name":"Probouzen\u00ed s bud\u00edkem nebo mobilem?","description":"Vst\u00e1v\u00e1n\u00ed mezi t\u0159et\u00ed a p\u00e1tou hodinou rann\u00ed opravdu nen\u00ed nic p\u0159\u00edjemn\u00e9ho a my se u\u017e od pond\u011blka t\u011b\u0161\u00edme na v\u00edkend, kdy bud\u00edk nebudeme muset poslouchat a budeme si moci p\u0159ispat. Tyto t\u011b\u017ek\u00e9 chvilky si m\u016f\u017eeme trochu zp\u0159\u00edjemnit, t\u0159eba buzen\u00edm p\u0159\u00edjemnou melodi\u00ed nebo obl\u00edbenou hudbou, kter\u00e1 vych\u00e1z\u00ed z\u00a0na\u0161eho mobilu. \u010casem se n\u00e1m i tento zp\u016fsob buzen\u00ed [&hellip;]","datePublished":"2023-05-11","dateModified":"2023-05-11","author":{"@type":"Person","@id":"https:\/\/www.alfagrif.cz\/author\/#Person","name":"","url":"https:\/\/www.alfagrif.cz\/author\/","identifier":1,"image":{"@type":"ImageObject","@id":"https:\/\/secure.gravatar.com\/avatar\/15c4177f6d86975c976af12ba80b10af7add2f97f8786f8cf1596253472c0ea7?s=96&d=mm&r=g","url":"https:\/\/secure.gravatar.com\/avatar\/15c4177f6d86975c976af12ba80b10af7add2f97f8786f8cf1596253472c0ea7?s=96&d=mm&r=g","height":96,"width":96}},"publisher":{"@type":"Organization","name":"alfagrif.cz","logo":{"@type":"ImageObject","@id":"\/logo.png","url":"\/logo.png","width":600,"height":60}},"image":{"@type":"ImageObject","@id":"https:\/\/www.alfagrif.cz\/wp-content\/uploads\/img_a294637_w2122_t1506496728.jpg","url":"https:\/\/www.alfagrif.cz\/wp-content\/uploads\/img_a294637_w2122_t1506496728.jpg","height":0,"width":0},"url":"https:\/\/www.alfagrif.cz\/probouzeni-s-budikem-nebo-mobilem\/","wordCount":427,"articleBody":"Vst\u00e1v\u00e1n\u00ed mezi t\u0159et\u00ed a p\u00e1tou hodinou rann\u00ed opravdu nen\u00ed nic p\u0159\u00edjemn\u00e9ho a my se u\u017e od pond\u011blka t\u011b\u0161\u00edme na v\u00edkend, kdy bud\u00edk nebudeme muset poslouchat a budeme si moci p\u0159ispat.Tyto t\u011b\u017ek\u00e9 chvilky si m\u016f\u017eeme trochu zp\u0159\u00edjemnit, t\u0159eba buzen\u00edm p\u0159\u00edjemnou melodi\u00ed nebo obl\u00edbenou hudbou, kter\u00e1 vych\u00e1z\u00ed z\u00a0na\u0161eho mobilu. \u010casem se n\u00e1m i tento zp\u016fsob buzen\u00ed omrz\u00ed, proto\u017ee den co den poslouchat to sam\u00e9\u2026 Prost\u011b se m\u016f\u017ee st\u00e1t, \u017ee obl\u00edben\u00e1 hudba u\u017e obl\u00edben\u00e1 nen\u00ed.Dal\u0161\u00ed mo\u017enost\u00ed je po\u0159\u00eddit si radiobud\u00edk. Tady m\u00e1me jistotu, \u017ee ka\u017ed\u00fd den usly\u0161\u00edme n\u011bco jin\u00e9ho a nav\u00edc to m\u016f\u017ee b\u00fdt hudba nebo mluven\u00e9 slovo. Radiobud\u00edk je samoz\u0159ejm\u011b vybaven buzen\u00edm sign\u00e1lem, ale to nen\u00ed nic pro n\u00e1s, my si nalad\u00edme obl\u00edbenou radiostanici, nastav\u00edme si p\u0159ijatelnou hlasitost a budeme se t\u011b\u0161it na probuzen\u00ed. Pokud si p\u0159esto vybereme buzen\u00ed sign\u00e1lem, vybereme si p\u0159\u00edjemn\u00fd t\u00f3n s\u00a0pozvolna vzr\u016fstaj\u00edc\u00ed hlasitost\u00ed, abychom z toho nem\u011bli hned po r\u00e1nu \u0161ok.Vybaven\u00ed radiobud\u00edk\u016f je r\u016fzn\u00e9. N\u011bkter\u00e9 maj\u00ed podsv\u00edcen\u00fd cel\u00fd displej, ale jen kdy\u017e si ho rozsv\u00edt\u00edme. Jinak nen\u00ed vid\u011bt nic, a kdy\u017e se v\u00a0noci probud\u00edme a chceme v\u011bd\u011bt, kolik je hodin, mus\u00edme zm\u00e1\u010dknout tla\u010d\u00edtko. Jin\u00e9 maj\u00ed zase rozsv\u00edcen\u00e1 jen \u010d\u00edsla, co\u017e je prakti\u010dt\u011bj\u0161\u00ed, proto\u017ee jsou vid\u011bt i v\u00a0noci. Nov\u011bj\u0161\u00ed typy nab\u00edz\u00ed projekci \u010dasu na ze\u010f nebo strop lo\u017enice, co\u017e je velmi praktick\u00e9, kdy\u017e nevid\u00edme bez br\u00fdl\u00ed. Podle v\u00fdzkum\u016f by v\u0161ak m\u011bla b\u00fdt v\u00a0lo\u017enici co nejv\u011bt\u0161\u00ed tma, aby se na\u0161e t\u011blo zregenerovalo. Ostr\u00e9 sv\u011btlo n\u011bkter\u00fdch\u00a0radiobud\u00edk\u016f by n\u00e1m mohlo naru\u0161it sp\u00e1nek.\u00a0 \u00a0Nem\u011bli bychom zapomenout vlo\u017eit do radiobud\u00edku baterie pro p\u0159\u00edpad v\u00fdpadku elektrick\u00e9 energie, nemusel by n\u00e1s toti\u017e vzbudit. N\u011bkter\u00e9 radiobud\u00edky jsou vybaveny dv\u011bma \u010dasy buzen\u00ed, co\u017e je v\u00fdhodn\u00e9 pro dv\u011b osoby nebo pro \u010dlov\u011bka, kter\u00fd pracuje na sm\u011bny. M\u016f\u017eeme si nastavit buzen\u00ed po cel\u00fd t\u00fdden i s v\u00fdjimkou v\u00edkendu. Bud\u00edk \u0159\u00edzen\u00fd r\u00e1diov\u00fdm sign\u00e1lem n\u00e1m zaru\u010d\u00ed p\u0159esn\u00fd \u010das a o hodinov\u00fd posun na letn\u00ed a zimn\u00ed \u010das se tak\u00e9 starat nemus\u00edme.                                                                                                                                                                                                                                                                                                                                                                                        4.4\/5 - (12 votes)        "},{"@context":"https:\/\/schema.org\/","@type":"BreadcrumbList","itemListElement":[{"@type":"ListItem","position":1,"name":"Probouzen\u00ed s bud\u00edkem nebo mobilem?","item":"https:\/\/www.alfagrif.cz\/probouzeni-s-budikem-nebo-mobilem\/#breadcrumbitem"}]}]