[{"@context":"https:\/\/schema.org\/","@type":"Article","@id":"https:\/\/www.alfagrif.cz\/saty-i-pro-nevesty-s-vetsi-velikosti\/#Article","mainEntityOfPage":"https:\/\/www.alfagrif.cz\/saty-i-pro-nevesty-s-vetsi-velikosti\/","headline":"\u0160aty i pro nev\u011bsty s v\u011bt\u0161\u00ed velikost\u00ed","name":"\u0160aty i pro nev\u011bsty s v\u011bt\u0161\u00ed velikost\u00ed","description":"Vybrat skute\u010dn\u011b padnouc\u00ed svatebn\u00ed \u0161aty je velice d\u016fle\u017eit\u00e9 pro to, aby se nev\u011bsta na sv\u00e9 svatb\u011b c\u00edtila dob\u0159e. \u0160aty nesm\u00ed nikde odst\u00e1vat, ani nesm\u00ed b\u00fdt p\u0159\u00edli\u0161 t\u011bsn\u00e9. Zaprv\u00e9 to nevypad\u00e1 dob\u0159e, a zadruh\u00e9 by mohly n\u011bkde prasknout. Proto je pot\u0159eba naj\u00edt takov\u00e9 \u0161aty, kter\u00e9 budou nev\u011bst\u011b p\u0159esn\u011b sed\u011bt. V n\u011bkter\u00fdch p\u0159\u00edpadech to nen\u00ed nic jednoduch\u00e9ho, [&hellip;]","datePublished":"2025-04-03","dateModified":"2025-04-03","author":{"@type":"Person","@id":"https:\/\/www.alfagrif.cz\/author\/#Person","name":"","url":"https:\/\/www.alfagrif.cz\/author\/","identifier":1,"image":{"@type":"ImageObject","@id":"https:\/\/secure.gravatar.com\/avatar\/15c4177f6d86975c976af12ba80b10af7add2f97f8786f8cf1596253472c0ea7?s=96&d=mm&r=g","url":"https:\/\/secure.gravatar.com\/avatar\/15c4177f6d86975c976af12ba80b10af7add2f97f8786f8cf1596253472c0ea7?s=96&d=mm&r=g","height":96,"width":96}},"publisher":{"@type":"Organization","name":"alfagrif.cz","logo":{"@type":"ImageObject","@id":"\/logo.png","url":"\/logo.png","width":600,"height":60}},"image":{"@type":"ImageObject","@id":"https:\/\/www.alfagrif.cz\/wp-content\/uploads\/woman-2609523_640.jpg","url":"https:\/\/www.alfagrif.cz\/wp-content\/uploads\/woman-2609523_640.jpg","height":0,"width":0},"url":"https:\/\/www.alfagrif.cz\/saty-i-pro-nevesty-s-vetsi-velikosti\/","about":["N\u00e1kupy"],"wordCount":422,"articleBody":"       Vybrat skute\u010dn\u011b padnouc\u00ed svatebn\u00ed \u0161aty je velice d\u016fle\u017eit\u00e9 pro to, aby se nev\u011bsta na sv\u00e9 svatb\u011b c\u00edtila dob\u0159e. \u0160aty nesm\u00ed nikde odst\u00e1vat, ani nesm\u00ed b\u00fdt p\u0159\u00edli\u0161 t\u011bsn\u00e9. Zaprv\u00e9 to nevypad\u00e1 dob\u0159e, a zadruh\u00e9 by mohly n\u011bkde prasknout. Proto je pot\u0159eba naj\u00edt takov\u00e9 \u0161aty, kter\u00e9 budou nev\u011bst\u011b p\u0159esn\u011b sed\u011bt. V n\u011bkter\u00fdch p\u0159\u00edpadech to nen\u00ed nic jednoduch\u00e9ho, proto\u017ee ne ka\u017ed\u00e1 nev\u011bsta m\u00e1 pochopiteln\u011b malou velikost. Nev\u011bsty s v\u011bt\u0161\u00ed konfek\u010dn\u00ed velikost\u00ed m\u00edvaj\u00ed probl\u00e9m sehnat \u0161aty, kter\u00e9 by se jim l\u00edbily. Ve v\u011bt\u0161\u00edch velikostech b\u00fdv\u00e1 v\u00fdb\u011br omezen\u011bj\u0161\u00ed, a proto mnoh\u00e9 z nich vzd\u00e1vaj\u00ed sv\u016fj v\u00fdb\u011br p\u0159edem. Jsou dokonce nev\u011bsty, kter\u00e9 si rad\u011bji vyberou prvn\u00ed \u0161aty, kter\u00e9 jim padnou, bez ohledu na to, zda se jim skute\u010dn\u011b l\u00edb\u00ed.Podobn\u00e9 situaci m\u016f\u017eete p\u0159edej\u00edt t\u00edm, \u017ee se vyd\u00e1te pro svatebn\u00ed \u0161aty k n\u00e1m. V nab\u00eddce m\u00e1me nejen men\u0161\u00ed velikosti, ale i spoustu svatebn\u00edch \u0161at\u016f ve velikostech v\u011bt\u0161\u00edch. Nemus\u00edte se b\u00e1t toho, \u017ee bychom ve v\u011bt\u0161\u00edch velikostech m\u011bli pouze nevzhledn\u00e9 \u0161aty. V nab\u00eddce m\u00e1me dokonce i spl\u00fdvav\u00e9 boho svatebn\u00ed \u0161aty &#8211; velk\u00e1 velikost nen\u00ed p\u0159ek\u00e1\u017ekou ani u tohoto typu \u0161at\u016f. Vytvarovat postavu je toti\u017e mo\u017en\u00e9 d\u00edky speci\u00e1ln\u00edmu tvarovac\u00edmu spodn\u00edmu pr\u00e1dlu, kter\u00e9 skryje i p\u0159\u00edpadn\u00e9 nedostatky na postav\u011b. Proto se nemus\u00edte b\u00e1t ani spl\u00fdvav\u00fdch \u0161at\u016f. Ide\u00e1ln\u00ed je zkou\u0161et si svatebn\u00ed \u0161aty v tomto pr\u00e1dle, d\u00edky kter\u00e9mu uvid\u00edte \u0161aty p\u0159esn\u011b tak, jak na v\u00e1s budou vypadat s pr\u00e1dlem. Dod\u00e1 v\u00e1m to nejen sebev\u011bdom\u00ed, ale nav\u00edc bude vy\u0161\u0161\u00ed \u0161ance, \u017ee jsi u n\u00e1s najdete \u0161aty pro sv\u016fj velk\u00fd den. Prohl\u00e9dn\u011bte si n\u00e1\u0161 katalog svatebn\u00edch \u0161at\u016f v pohodl\u00ed sv\u00e9ho domova, a vyberte si \u0161aty, kter\u00e9 byste si u n\u00e1s cht\u011bla vyzkou\u0161et. R\u00e1di v\u00e1m pom\u016f\u017eeme naj\u00edt \u0161aty, ve kter\u00fdch se budete skv\u011ble c\u00edtit, kter\u00e9 se v\u00e1m budou l\u00edbit, a ve kter\u00fdch se budete cht\u00edt vd\u00e1vat. Ud\u011bl\u00e1me maximum proto, abyste i vy z na\u0161eho salonu ode\u0161la spokojen\u00e1 a pokud mo\u017eno s p\u0159\u00edjemn\u00fdm z\u00e1\u017eitkem z nakupov\u00e1n\u00ed.                                                                                                                                                                                                                                                                                                                                                                                          3.3\/5 - (9 votes)        "},{"@context":"https:\/\/schema.org\/","@type":"BreadcrumbList","itemListElement":[{"@type":"ListItem","position":1,"name":"\u0160aty i pro nev\u011bsty s v\u011bt\u0161\u00ed velikost\u00ed","item":"https:\/\/www.alfagrif.cz\/saty-i-pro-nevesty-s-vetsi-velikosti\/#breadcrumbitem"}]}]