[{"@context":"https:\/\/schema.org\/","@type":"Article","@id":"https:\/\/www.alfagrif.cz\/sijeme-fleecovou-mikinu-na-miru\/#Article","mainEntityOfPage":"https:\/\/www.alfagrif.cz\/sijeme-fleecovou-mikinu-na-miru\/","headline":"\u0160ijeme fleecovou mikinu na m\u00edru","name":"\u0160ijeme fleecovou mikinu na m\u00edru","description":"Fleece je materi\u00e1l, jeho\u017e kvality se osv\u011bd\u010dily ji\u017e p\u0159ed mnoha lety. Pat\u0159\u00ed k nejobl\u00edben\u011bj\u0161\u00edm tepl\u00fdm l\u00e1tk\u00e1m, z nich\u017e se \u0161ij\u00ed nap\u0159\u00edklad mikiny a bundy s kapuc\u00ed. A pr\u00e1v\u011b n\u011bco takov\u00e9ho byste si mohli po\u0159\u00eddit nikoli p\u0159\u00edm\u00fdm n\u00e1kupem hotov\u00e9ho v\u00fdrobku, ale \u0161it\u00edm na m\u00edru. M\u00e1 to toti\u017e sv\u00e9 v\u00fdhody a ty bychom si tu mohli p\u0159ipomenout. [&hellip;]","datePublished":"2025-04-09","dateModified":"2025-04-09","author":{"@type":"Person","@id":"https:\/\/www.alfagrif.cz\/author\/#Person","name":"","url":"https:\/\/www.alfagrif.cz\/author\/","identifier":1,"image":{"@type":"ImageObject","@id":"https:\/\/secure.gravatar.com\/avatar\/15c4177f6d86975c976af12ba80b10af7add2f97f8786f8cf1596253472c0ea7?s=96&d=mm&r=g","url":"https:\/\/secure.gravatar.com\/avatar\/15c4177f6d86975c976af12ba80b10af7add2f97f8786f8cf1596253472c0ea7?s=96&d=mm&r=g","height":96,"width":96}},"publisher":{"@type":"Organization","name":"alfagrif.cz","logo":{"@type":"ImageObject","@id":"\/logo.png","url":"\/logo.png","width":600,"height":60}},"image":{"@type":"ImageObject","@id":"https:\/\/www.alfagrif.cz\/wp-content\/uploads\/boy-60659_640_7.jpg","url":"https:\/\/www.alfagrif.cz\/wp-content\/uploads\/boy-60659_640_7.jpg","height":0,"width":0},"url":"https:\/\/www.alfagrif.cz\/sijeme-fleecovou-mikinu-na-miru\/","about":["N\u00e1kupy"],"wordCount":429,"articleBody":"      Fleece je materi\u00e1l, jeho\u017e kvality se osv\u011bd\u010dily ji\u017e p\u0159ed mnoha lety. Pat\u0159\u00ed k nejobl\u00edben\u011bj\u0161\u00edm tepl\u00fdm l\u00e1tk\u00e1m, z nich\u017e se \u0161ij\u00ed nap\u0159\u00edklad mikiny a bundy s kapuc\u00ed. A pr\u00e1v\u011b n\u011bco takov\u00e9ho byste si mohli po\u0159\u00eddit nikoli p\u0159\u00edm\u00fdm n\u00e1kupem hotov\u00e9ho v\u00fdrobku, ale \u0161it\u00edm na m\u00edru. M\u00e1 to toti\u017e sv\u00e9 v\u00fdhody a ty bychom si tu mohli p\u0159ipomenout.Ruk\u00e1vy akor\u00e1t \u2013 tak\u00e9 se v\u00e1m p\u0159ihodilo, \u017ee jste si koupili p\u0159es e-shop bundu, kter\u00e1 v\u00e1m byla \u201etak akor\u00e1t\u201c do pasu, ale m\u011bla ruk\u00e1vy tak dlouh\u00e9, jako by byla \u0161it\u00e1 pro orangutana? I to se st\u00e1v\u00e1, v\u00fdrobci zkr\u00e1tka nedovedou odhadnout a posoudit spr\u00e1vn\u00fd pom\u011br d\u00e9lky bundy s ohledem na d\u00e9lku ruk\u00e1v\u016f pro lidskou, nikoli opi\u010d\u00ed postavu. Vy si samoz\u0159ejm\u011b m\u016f\u017eete ruk\u00e1vy upravit tak, aby v\u00e1m sedly p\u0159esn\u011b na m\u00edru, co\u017e nen\u00ed nic obt\u00ed\u017en\u00e9ho. Nav\u00edc je m\u016f\u017eete opat\u0159it vhodn\u00fdm zap\u00edn\u00e1n\u00edm, nap\u0159\u00edklad stahovac\u00ed gumou nebo na\u0161it\u00fdmi pruhy such\u00e9ho zipu.Kapuce v\u00e1s u\u017e nep\u0159ev\u00e1\u017e\u00ed \u2013 mo\u017en\u00e1, \u017ee m\u00e1te tak\u00e9 osobn\u00ed zku\u0161enost z textiln\u00edho v\u00fdrobku s kapuc\u00ed, kter\u00e1 je p\u0159i no\u0161en\u00ed tak t\u011b\u017ek\u00e1, \u017ee v\u00e1m shrnuje p\u0159edn\u00ed d\u00edl, vytahuje jej ke krku, kde v\u00e1s to \u0161krt\u00ed a znateln\u011b p\u0159eva\u017euje sm\u011brem dozadu, jako kdyby v\u00e1s cht\u011bl n\u011bkdo k sob\u011b strhnout sm\u011brem vzad. Pokud jste \u0161ikovn\u00ed, nedopust\u00edte, aby fleecov\u00e1 mikina m\u011bla tak ob\u0159\u00ed a t\u011b\u017ekou kapuci, co je sp\u00ed\u0161e na obt\u00ed\u017e, ne\u017e k u\u017eitku.P\u0159\u00edjemn\u011b tepl\u00e1 \u2013 vyberete-li si vhodnou fleecovou tkaninu, u\u0161ijete z n\u00ed mikinu p\u0159\u00edjemn\u011b teplou, vhodnou do jarn\u00edho a podzimn\u00edho po\u010das\u00ed a mo\u017en\u00e1 i pro teplej\u0161\u00ed zimn\u00ed dny. M\u016f\u017ee v\u00e1m pak poslou\u017eit jako jeden z textiln\u00edch v\u00fdrobk\u016f, z jeho\u017e p\u0159\u00edtomnosti se budete t\u011b\u0161it \u0159adu let, nav\u00edc s v\u011bdom\u00edm, \u017ee jste si jej u\u0161ili sami, podle va\u0161ich p\u0159edstav a p\u0159\u00e1n\u00ed. Mikinu tak\u00e9 m\u016f\u017eete n\u011bkomu darovat, m\u016f\u017ee b\u00fdt n\u00e1m\u011btem na d\u00e1rek k narozenin\u00e1m, na V\u00e1noce nebo t\u0159eba i na Velikonoce, co\u017e je p\u0159esn\u011b obdob\u00ed, kdy se takov\u00fd kus textilu p\u0159\u00edjemn\u011b nos\u00ed ve m\u011bstech i na cest\u00e1ch do p\u0159\u00edrody.                                                                                                                                                                                                                                                                                                                                                                                          5\/5 - (6 votes)        "},{"@context":"https:\/\/schema.org\/","@type":"BreadcrumbList","itemListElement":[{"@type":"ListItem","position":1,"name":"\u0160ijeme fleecovou mikinu na m\u00edru","item":"https:\/\/www.alfagrif.cz\/sijeme-fleecovou-mikinu-na-miru\/#breadcrumbitem"}]}]