[{"@context":"https:\/\/schema.org\/","@type":"Article","@id":"https:\/\/www.alfagrif.cz\/sperk-ktery-se-bude-libit\/#Article","mainEntityOfPage":"https:\/\/www.alfagrif.cz\/sperk-ktery-se-bude-libit\/","headline":"\u0160perk, kter\u00fd se bude l\u00edbit","name":"\u0160perk, kter\u00fd se bude l\u00edbit","description":"Chcete se c\u00edtit opravdu zaj\u00edmav\u011b a dob\u0159e? Snad ka\u017ed\u00e9 \u017een\u011b m\u016f\u017ee pomoct k\u00a0pocitu sebev\u011bdom\u00ed a vlastn\u00ed kr\u00e1sy n\u011bjak\u00fd ten \u0161perk. \u0160perky jsou ji\u017e mnoho let pova\u017eov\u00e1ny za n\u011bco kr\u00e1sn\u00e9ho. Takov\u00e1 ozdoba dok\u00e1\u017ee mnohem v\u00edc, ne\u017e jenom zdobit \u010dlov\u011bka. Je to v\u011bc, kter\u00e1 l\u00e1ka snad ka\u017ed\u00e9ho. Jestli zrovna tou\u017e\u00edte po n\u011bjak\u00e9m \u0161perku a cht\u011bli byste si [&hellip;]","datePublished":"2024-11-02","dateModified":"2024-11-02","author":{"@type":"Person","@id":"https:\/\/www.alfagrif.cz\/author\/#Person","name":"","url":"https:\/\/www.alfagrif.cz\/author\/","identifier":1,"image":{"@type":"ImageObject","@id":"https:\/\/secure.gravatar.com\/avatar\/15c4177f6d86975c976af12ba80b10af7add2f97f8786f8cf1596253472c0ea7?s=96&d=mm&r=g","url":"https:\/\/secure.gravatar.com\/avatar\/15c4177f6d86975c976af12ba80b10af7add2f97f8786f8cf1596253472c0ea7?s=96&d=mm&r=g","height":96,"width":96}},"publisher":{"@type":"Organization","name":"alfagrif.cz","logo":{"@type":"ImageObject","@id":"\/logo.png","url":"\/logo.png","width":600,"height":60}},"url":"https:\/\/www.alfagrif.cz\/sperk-ktery-se-bude-libit\/","wordCount":256,"articleBody":"\tChcete se c\u00edtit opravdu zaj\u00edmav\u011b a dob\u0159e? Snad ka\u017ed\u00e9 \u017een\u011b m\u016f\u017ee pomoct k\u00a0pocitu sebev\u011bdom\u00ed a vlastn\u00ed kr\u00e1sy n\u011bjak\u00fd ten \u0161perk. \u0160perky jsou ji\u017e mnoho let pova\u017eov\u00e1ny za n\u011bco kr\u00e1sn\u00e9ho. Takov\u00e1 ozdoba dok\u00e1\u017ee mnohem v\u00edc, ne\u017e jenom zdobit \u010dlov\u011bka. Je to v\u011bc, kter\u00e1 l\u00e1ka snad ka\u017ed\u00e9ho. Jestli zrovna tou\u017e\u00edte po n\u011bjak\u00e9m \u0161perku a cht\u011bli byste si jej dop\u0159\u00e1t, a\u0165 u\u017e pro sebe nebo jako d\u00e1rek pro n\u011bkoho jin\u00e9ho, rozhodn\u011b by V\u00e1s mohly zaujmout zlat\u00e9 n\u00e1u\u0161nice se zirkony, kter\u00e9 vypadaj\u00ed skute\u010dn\u011b naprosto skv\u011ble.\tN\u00e1u\u0161nice, kter\u00e9 si zamilujeteTakov\u00fd \u0161perk tedy m\u016f\u017ee b\u00fdt skv\u011bl\u00fdm d\u00e1rkem pro n\u011bkoho bl\u00edzk\u00e9ho, nebo si d\u00edky n\u011bmu m\u016f\u017eete ud\u011blat radost. \u0160irok\u00fd v\u00fdb\u011br V\u00e1m nab\u00edz\u00ed pr\u00e1v\u011b na\u0161e nab\u00eddka, a proto v\u011b\u0159\u00edme, \u017ee v\u00a0n\u00ed v\u017edy naleznete to, co zrovna hled\u00e1te. Sna\u017e\u00edme se nab\u00edzet pouze velice kvalitn\u00ed a kr\u00e1sn\u00e9 \u0161perky, kter\u00e9 ka\u017ed\u00e9mu vyraz\u00ed dech. V\u011b\u0159\u00edme tedy tomu, \u017ee i Vy u n\u00e1s objev\u00edte n\u011bco, co se bude l\u00edbit V\u00e1m, \u010di n\u011bjak\u00e9 osob\u011b V\u00e1m bl\u00edzk\u00e9. Prohl\u00e9dn\u011bte si na\u0161i nab\u00eddku a vyberte si v\u00a0n\u00ed takov\u00fd \u0161perk, kter\u00fd V\u00e1s naprosto ohrom\u00ed a se kter\u00fdm budete nadm\u00edru spokojeni.                                                                                                                                                                                                                                                                                                                                                                                        3.8\/5 - (5 votes)        "},{"@context":"https:\/\/schema.org\/","@type":"BreadcrumbList","itemListElement":[{"@type":"ListItem","position":1,"name":"\u0160perk, kter\u00fd se bude l\u00edbit","item":"https:\/\/www.alfagrif.cz\/sperk-ktery-se-bude-libit\/#breadcrumbitem"}]}]