[{"@context":"https:\/\/schema.org\/","@type":"Article","@id":"https:\/\/www.alfagrif.cz\/tento-preparat-nema-vedlejsi-ucinky\/#Article","mainEntityOfPage":"https:\/\/www.alfagrif.cz\/tento-preparat-nema-vedlejsi-ucinky\/","headline":"Tento prepar\u00e1t nem\u00e1 vedlej\u0161\u00ed \u00fa\u010dinky","name":"Tento prepar\u00e1t nem\u00e1 vedlej\u0161\u00ed \u00fa\u010dinky","description":"Ka\u017edou \u017eenu pot\u011b\u0161\u00ed, pokud se p\u0159i vstupu do produktivn\u011bj\u0161\u00ed a pln\u011bj\u0161\u00ed \u010d\u00e1sti sv\u00e9ho \u017eivota nebude musit pot\u00fdkat s p\u0159\u00edznaky menopauzy. My v\u00e1m nab\u00edz\u00edme \u0159e\u0161en\u00ed neblah\u00fdch projev\u016f p\u0159echodu zalo\u017een\u00e9 striktn\u011b na p\u0159\u00edrodn\u00edch slo\u017ek\u00e1ch. Menopauza Menopauza nemus\u00ed b\u00fdt stra\u0161\u00e1kem v\u0161ech \u017een. My jsme pro v\u00e1s p\u0159ipravili \u0159e\u0161en\u00ed. Nese n\u00e1zev Menox 45 a je to prepar\u00e1t, kter\u00fd jsme [&hellip;]","datePublished":"2025-04-23","dateModified":"2025-04-23","author":{"@type":"Person","@id":"https:\/\/www.alfagrif.cz\/author\/#Person","name":"","url":"https:\/\/www.alfagrif.cz\/author\/","identifier":1,"image":{"@type":"ImageObject","@id":"https:\/\/secure.gravatar.com\/avatar\/15c4177f6d86975c976af12ba80b10af7add2f97f8786f8cf1596253472c0ea7?s=96&d=mm&r=g","url":"https:\/\/secure.gravatar.com\/avatar\/15c4177f6d86975c976af12ba80b10af7add2f97f8786f8cf1596253472c0ea7?s=96&d=mm&r=g","height":96,"width":96}},"publisher":{"@type":"Organization","name":"alfagrif.cz","logo":{"@type":"ImageObject","@id":"\/logo.png","url":"\/logo.png","width":600,"height":60}},"url":"https:\/\/www.alfagrif.cz\/tento-preparat-nema-vedlejsi-ucinky\/","wordCount":168,"articleBody":" Ka\u017edou \u017eenu pot\u011b\u0161\u00ed, pokud se p\u0159i vstupu do produktivn\u011bj\u0161\u00ed a pln\u011bj\u0161\u00ed \u010d\u00e1sti sv\u00e9ho \u017eivota nebude musit pot\u00fdkat s p\u0159\u00edznaky menopauzy. My v\u00e1m nab\u00edz\u00edme \u0159e\u0161en\u00ed neblah\u00fdch projev\u016f p\u0159echodu zalo\u017een\u00e9 striktn\u011b na p\u0159\u00edrodn\u00edch slo\u017ek\u00e1ch. Menopauza Menopauza nemus\u00ed b\u00fdt stra\u0161\u00e1kem v\u0161ech \u017een. My jsme pro v\u00e1s p\u0159ipravili \u0159e\u0161en\u00ed. Nese n\u00e1zev Menox 45 a je to prepar\u00e1t, kter\u00fd jsme vyvinuli na z\u00e1klad\u011b zku\u0161enost\u00ed generac\u00ed peru\u00e1nsk\u00fdch \u017een, kter\u00e9 u\u017e\u00edvaj\u00ed rostlinu Maca ji\u017e dlouh\u00e1 l\u00e9ta. 30 denn\u00ed z\u00e1ruka, v\u00e1s jist\u011b pot\u011b\u0161\u00ed a ujist\u00ed Pokud si objedn\u00e1te prepar\u00e1t Menox 45 proti p\u0159\u00edznak\u016fm menopauzy, budete jist\u011b spokojeni. Pokud ale z jak\u00e9hokoliv d\u016fvodu nebudete s produktem spokojen\u00e1, vr\u00e1t\u00edme v\u00e1m pen\u00edze. Tato z\u00e1ruka je 30 denn\u00ed a je platn\u00e1 i pro ji\u017e spot\u0159ebovanou k\u016fru. Nav\u00edc jsme diskr\u00e9tn\u00ed a ch\u00e1peme citlivost probl\u00e9m\u016f.                                                                                                                                                                                                                                                                                                                                                                                                "},{"@context":"https:\/\/schema.org\/","@type":"BreadcrumbList","itemListElement":[{"@type":"ListItem","position":1,"name":"Tento prepar\u00e1t nem\u00e1 vedlej\u0161\u00ed \u00fa\u010dinky","item":"https:\/\/www.alfagrif.cz\/tento-preparat-nema-vedlejsi-ucinky\/#breadcrumbitem"}]}]