[{"@context":"https:\/\/schema.org\/","@type":"Article","@id":"https:\/\/www.alfagrif.cz\/tuzky-a-propisky\/#Article","mainEntityOfPage":"https:\/\/www.alfagrif.cz\/tuzky-a-propisky\/","headline":"Tu\u017eky a propisky","name":"Tu\u017eky a propisky","description":"Je logick\u00e9, \u017ee ka\u017ed\u00fd \u010dlov\u011bk vyu\u017e\u00edv\u00e1 v dne\u0161n\u00ed dob\u011b tu\u017eku anebo propisku. Mus\u00edm \u0159\u00edct, \u017ee j\u00e1 osobn\u011b bych se u\u017e bez n\u011bjak\u00e9 tu\u017eky anebo bez propisky v\u016fbec neobe\u0161la. A pro\u010d bych se bez toho neobe\u0161la, proto\u017ee j\u00e1 moc r\u00e1da lu\u0161t\u00edm k\u0159\u00ed\u017eovky. Tak\u00e9 pracuji ve firm\u011b, kde sed\u00edm za stolem a m\u00e1m svou kancel\u00e1\u0159. A tam [&hellip;]","datePublished":"2024-12-13","dateModified":"2024-12-13","author":{"@type":"Person","@id":"https:\/\/www.alfagrif.cz\/author\/#Person","name":"","url":"https:\/\/www.alfagrif.cz\/author\/","identifier":1,"image":{"@type":"ImageObject","@id":"https:\/\/secure.gravatar.com\/avatar\/15c4177f6d86975c976af12ba80b10af7add2f97f8786f8cf1596253472c0ea7?s=96&d=mm&r=g","url":"https:\/\/secure.gravatar.com\/avatar\/15c4177f6d86975c976af12ba80b10af7add2f97f8786f8cf1596253472c0ea7?s=96&d=mm&r=g","height":96,"width":96}},"publisher":{"@type":"Organization","name":"alfagrif.cz","logo":{"@type":"ImageObject","@id":"\/logo.png","url":"\/logo.png","width":600,"height":60}},"image":{"@type":"ImageObject","@id":"https:\/\/www.alfagrif.cz\/wp-content\/uploads\/pencil-3326180_1280.jpg","url":"https:\/\/www.alfagrif.cz\/wp-content\/uploads\/pencil-3326180_1280.jpg","height":0,"width":0},"url":"https:\/\/www.alfagrif.cz\/tuzky-a-propisky\/","about":["Byznys"],"wordCount":438,"articleBody":"       Je logick\u00e9, \u017ee ka\u017ed\u00fd \u010dlov\u011bk vyu\u017e\u00edv\u00e1 v dne\u0161n\u00ed dob\u011b tu\u017eku anebo propisku. Mus\u00edm \u0159\u00edct, \u017ee j\u00e1 osobn\u011b bych se u\u017e bez n\u011bjak\u00e9 tu\u017eky anebo bez propisky v\u016fbec neobe\u0161la. A pro\u010d bych se bez toho neobe\u0161la, proto\u017ee j\u00e1 moc r\u00e1da lu\u0161t\u00edm k\u0159\u00ed\u017eovky. Tak\u00e9 pracuji ve firm\u011b, kde sed\u00edm za stolem a m\u00e1m svou kancel\u00e1\u0159. A tam tak\u00e9 pot\u0159ebuj\u00ed m\u00edt n\u011bjak\u00e9 propisky a tak\u00e9 tu\u017eky anebo dal\u0161\u00ed psac\u00ed pot\u0159eby. Existuj\u00ed tak\u00e9 samoz\u0159ejm\u011b reklamn\u00ed tu\u017eky. A ty jsou hodn\u011b \u017e\u00e1dan\u00e9. Reklamn\u00ed tu\u017eky jsou v posledn\u00ed dob\u011b velice obl\u00edben\u00e9 a tak\u00e9 modern\u00ed. Proto\u017ee se denn\u011b vlastn\u011b vyu\u017e\u00edvaj\u00ed. Nebo co si mysl\u00edte vy o reklamn\u00edch tu\u017ek\u00e1ch?Anebo o reklamn\u00edch propisk\u00e1ch. Mnoho lid\u00ed si pod t\u00edm t\u0159eba ani neum\u00ed v\u016fbec nic p\u0159edstavit. \u017de si mysl\u00ed, \u017ee existuj\u00ed pouze jenom oby\u010dejn\u00e9 tu\u017eky anebo oby\u010dejn\u00e9 propisky. Tohle ale nen\u00ed v\u016fbec pravda. V tomhle tvrzen\u00ed jsou lid\u00e9 na omylu. Reklamn\u00ed tu\u017eky anebo reklamn\u00ed propisky jsou tak\u00e9 kv\u016fli tomu, aby prezentovaly n\u011bjakou spole\u010dnost. Aby prezentovali n\u011bjakou firmu. J\u00e1, kdybych m\u011bla m\u00edt firmu, tak bych rozhodn\u011b ud\u011blala reklamn\u00ed tri\u010dka a nebo pr\u00e1v\u011b jin\u00e9 reklamn\u00ed p\u0159edm\u011bty. M\u011b by se opravdu hodn\u011b l\u00edbily pr\u00e1v\u011b reklamn\u00ed tu\u017eky nebo tak\u00e9 reklamn\u00ed propisky. Na n\u011b bych dala pr\u00e1v\u011b n\u011bjak\u00e9 logo. A takov\u00e9 logo, kter\u00e9 bych vyu\u017e\u00edvala pr\u00e1v\u011b na sv\u00e9 firm\u011b. A vy byste si pr\u00e1v\u011b mohli d\u00e1t takov\u00e9 logo, kter\u00e9 by se v\u00e1m l\u00edbilo a kter\u00e9 by pro v\u00e1s bylo nejv\u00edce vhodn\u00e9, kdybyste t\u0159eba m\u011bli hra\u010dk\u00e1\u0159stv\u00ed, tak bych ud\u011blala ur\u010dit\u011b reklamn\u00ed tu\u017eky v kr\u00e1sn\u00fdch neonov\u00fdch a pastelov\u00fdch barv\u00e1ch. Proto\u017ee takov\u00e9 tu\u017eky a tak\u00e9 takov\u00e9 propisky by ur\u010dit\u011b zaujaly ka\u017ed\u00e9 d\u00edt\u011b anebo ka\u017ed\u00fd dorost. Ale samoz\u0159ejm\u011b i dosp\u011bl\u00e9ho \u010dlov\u011bka. M\u011b by se nap\u0159\u00edklad opravdu hodn\u011b l\u00edbily takov\u00e9 reklamn\u00ed tu\u017eky, kter\u00e9 by byly r\u016f\u017eov\u00e9 anebo sv\u011btle modr\u00e9. M\u016fj syn, kter\u00fd je teprve ve druh\u00e9 t\u0159\u00edd\u011b, tak m\u00e1 tak\u00e9 kr\u00e1sn\u00e9 reklamn\u00ed tu\u017eky a m\u00e1 ji z hra\u010dk\u00e1\u0159stv\u00ed. Byla to vlastn\u011b takov\u00e1 akce pro d\u011bti a jejich rodi\u010de. Ono se u n\u00e1s ve m\u011bst\u011b toti\u017e otev\u00edralo nov\u00e9 hra\u010dk\u00e1\u0159stv\u00ed. D\u00e1vali nov\u00e9 hrac\u00ed karty a tak\u00e9 reklamn\u00ed tu\u017eky.                                                                                                                                                                                                                                                                                                                                                                                          4.8\/5 - (6 votes)        "},{"@context":"https:\/\/schema.org\/","@type":"BreadcrumbList","itemListElement":[{"@type":"ListItem","position":1,"name":"Tu\u017eky a propisky","item":"https:\/\/www.alfagrif.cz\/tuzky-a-propisky\/#breadcrumbitem"}]}]